{"id":1,"date":"2013-05-20T14:53:07","date_gmt":"2013-05-20T14:53:07","guid":{"rendered":"https:\/\/bor-plastika.kliktronik.info\/?p=1"},"modified":"2015-08-01T17:58:24","modified_gmt":"2015-08-01T17:58:24","slug":"svecana-vecera-u-cast-predsjednika-madjarske","status":"publish","type":"post","link":"https:\/\/www.borplastikaeko.al\/en\/svecana-vecera-u-cast-predsjednika-madjarske\/","title":{"rendered":"Sve\u010dana ve\u010dera u \u010dast predsjednika Ma\u0111arske"},"content":{"rendered":"<p>Prilikom posjeta predsjednika Ma\u0111arske, J\u00e1nosa \u00c1der, 11. travnja 2013. godine., uprili\u010dena je sve\u010dana ve\u010dera u \u010dast visokog gosta u Uredu Predsjednika Republike Hrvatske. Nazo\u010dili su predstavnici tvrtki, me\u0111u kojima i direktor Bor-plastike d.o.o., gospodin Atila Borba\u0161.<br \/>\nUred Predsjednika RH<\/p>\n","protected":false},"excerpt":{"rendered":"<p>Prilikom posjeta predsjednika Ma\u0111arske, J\u00e1nosa \u00c1der, 11. travnja 2013. godine., uprili\u010dena je sve\u010dana ve\u010dera u \u010dast visokog gosta u Uredu Predsjednika Republike Hrvatske. Nazo\u010dili su predstavnici tvrtki, me\u0111u kojima i direktor Bor-plastike d.o.o., gospodin Atila Borba\u0161. Ured Predsjednika RH<\/p>\n","protected":false},"author":1,"featured_media":7725,"comment_status":"closed","ping_status":"closed","sticky":false,"template":"","format":"standard","meta":[],"categories":[74],"tags":[],"yoast_head":"<!-- This site is optimized with the Yoast SEO plugin v15.5 - https:\/\/yoast.com\/wordpress\/plugins\/seo\/ -->\n<meta name=\"robots\" content=\"index, follow, max-snippet:-1, max-image-preview:large, max-video-preview:-1\" \/>\n<link rel=\"canonical\" href=\"https:\/\/www.borplastikaeko.al\/en\/svecana-vecera-u-cast-predsjednika-madjarske\/\" \/>\n<meta property=\"og:locale\" content=\"en_US\" \/>\n<meta property=\"og:type\" content=\"article\" \/>\n<meta property=\"og:title\" content=\"Sve\u010dana ve\u010dera u \u010dast predsjednika Ma\u0111arske - BP GROUP d.o.o.\" \/>\n<meta property=\"og:description\" content=\"Prilikom posjeta predsjednika Ma\u0111arske, J\u00e1nosa \u00c1der, 11. travnja 2013. godine., uprili\u010dena je sve\u010dana ve\u010dera u \u010dast visokog gosta u Uredu Predsjednika Republike Hrvatske. Nazo\u010dili su predstavnici tvrtki, me\u0111u kojima i direktor Bor-plastike d.o.o., gospodin Atila Borba\u0161. Ured Predsjednika RH\" \/>\n<meta property=\"og:url\" content=\"https:\/\/www.borplastikaeko.al\/en\/svecana-vecera-u-cast-predsjednika-madjarske\/\" \/>\n<meta property=\"og:site_name\" content=\"BP GROUP d.o.o.\" \/>\n<meta property=\"article:publisher\" content=\"https:\/\/web.facebook.com\/borplastika\/\" \/>\n<meta property=\"article:published_time\" content=\"2013-05-20T14:53:07+00:00\" \/>\n<meta property=\"article:modified_time\" content=\"2015-08-01T17:58:24+00:00\" \/>\n<meta property=\"og:image\" content=\"https:\/\/www.borplastikaeko.al\/wp-content\/uploads\/2015\/07\/atila-borbas-josipovic.jpg\" \/>\n\t<meta property=\"og:image:width\" content=\"800\" \/>\n\t<meta property=\"og:image:height\" content=\"578\" \/>\n<meta name=\"twitter:card\" content=\"summary_large_image\" \/>\n<meta name=\"twitter:label1\" content=\"Est. reading time\">\n\t<meta name=\"twitter:data1\" content=\"0 minutes\">\n<script type=\"application\/ld+json\" class=\"yoast-schema-graph\">{\"@context\":\"https:\/\/schema.org\",\"@graph\":[{\"@type\":\"Organization\",\"@id\":\"https:\/\/www.borplastikaeko.al\/en\/#organization\",\"name\":\"Borplastika Eko sh.p.k.\",\"url\":\"https:\/\/www.borplastikaeko.al\/en\/\",\"sameAs\":[\"https:\/\/web.facebook.com\/borplastika\/\"],\"logo\":{\"@type\":\"ImageObject\",\"@id\":\"https:\/\/www.borplastikaeko.al\/en\/#logo\",\"inLanguage\":\"en-US\",\"url\":\"https:\/\/www.borplastikaeko.al\/wp-content\/uploads\/2022\/05\/BP-Group-web-logo.png\",\"width\":3393,\"height\":776,\"caption\":\"Borplastika Eko sh.p.k.\"},\"image\":{\"@id\":\"https:\/\/www.borplastikaeko.al\/en\/#logo\"}},{\"@type\":\"WebSite\",\"@id\":\"https:\/\/www.borplastikaeko.al\/en\/#website\",\"url\":\"https:\/\/www.borplastikaeko.al\/en\/\",\"name\":\"BP GROUP d.o.o.\",\"description\":\"WASTEWATER TREATMENT PLANTS - FUTURE EXISTS\",\"publisher\":{\"@id\":\"https:\/\/www.borplastikaeko.al\/en\/#organization\"},\"potentialAction\":[{\"@type\":\"SearchAction\",\"target\":\"https:\/\/www.borplastikaeko.al\/en\/?s={search_term_string}\",\"query-input\":\"required name=search_term_string\"}],\"inLanguage\":\"en-US\"},{\"@type\":\"ImageObject\",\"@id\":\"https:\/\/www.borplastikaeko.al\/en\/svecana-vecera-u-cast-predsjednika-madjarske\/#primaryimage\",\"inLanguage\":\"en-US\",\"url\":\"https:\/\/www.borplastikaeko.al\/wp-content\/uploads\/2015\/07\/atila-borbas-josipovic.jpg\",\"width\":800,\"height\":578},{\"@type\":\"WebPage\",\"@id\":\"https:\/\/www.borplastikaeko.al\/en\/svecana-vecera-u-cast-predsjednika-madjarske\/#webpage\",\"url\":\"https:\/\/www.borplastikaeko.al\/en\/svecana-vecera-u-cast-predsjednika-madjarske\/\",\"name\":\"Sve\\u010dana ve\\u010dera u \\u010dast predsjednika Ma\\u0111arske - BP GROUP d.o.o.\",\"isPartOf\":{\"@id\":\"https:\/\/www.borplastikaeko.al\/en\/#website\"},\"primaryImageOfPage\":{\"@id\":\"https:\/\/www.borplastikaeko.al\/en\/svecana-vecera-u-cast-predsjednika-madjarske\/#primaryimage\"},\"datePublished\":\"2013-05-20T14:53:07+00:00\",\"dateModified\":\"2015-08-01T17:58:24+00:00\",\"inLanguage\":\"en-US\",\"potentialAction\":[{\"@type\":\"ReadAction\",\"target\":[\"https:\/\/www.borplastikaeko.al\/en\/svecana-vecera-u-cast-predsjednika-madjarske\/\"]}]},{\"@type\":\"Article\",\"@id\":\"https:\/\/www.borplastikaeko.al\/en\/svecana-vecera-u-cast-predsjednika-madjarske\/#article\",\"isPartOf\":{\"@id\":\"https:\/\/www.borplastikaeko.al\/en\/svecana-vecera-u-cast-predsjednika-madjarske\/#webpage\"},\"author\":{\"@id\":\"https:\/\/www.borplastikaeko.al\/en\/#\/schema\/person\/a69240cfde73bd2fd43a975a2cb164b5\"},\"headline\":\"Sve\\u010dana ve\\u010dera u \\u010dast predsjednika Ma\\u0111arske\",\"datePublished\":\"2013-05-20T14:53:07+00:00\",\"dateModified\":\"2015-08-01T17:58:24+00:00\",\"mainEntityOfPage\":{\"@id\":\"https:\/\/www.borplastikaeko.al\/en\/svecana-vecera-u-cast-predsjednika-madjarske\/#webpage\"},\"publisher\":{\"@id\":\"https:\/\/www.borplastikaeko.al\/en\/#organization\"},\"image\":{\"@id\":\"https:\/\/www.borplastikaeko.al\/en\/svecana-vecera-u-cast-predsjednika-madjarske\/#primaryimage\"},\"articleSection\":\"News\",\"inLanguage\":\"en-US\"},{\"@type\":\"Person\",\"@id\":\"https:\/\/www.borplastikaeko.al\/en\/#\/schema\/person\/a69240cfde73bd2fd43a975a2cb164b5\",\"name\":\"Bor\",\"image\":{\"@type\":\"ImageObject\",\"@id\":\"https:\/\/www.borplastikaeko.al\/en\/#personlogo\",\"inLanguage\":\"en-US\",\"url\":\"https:\/\/secure.gravatar.com\/avatar\/15306a43bbd3fabb523f1480ae217239?s=96&d=mm&r=g\",\"caption\":\"Bor\"}}]}<\/script>\n<!-- \/ Yoast SEO plugin. -->","_links":{"self":[{"href":"https:\/\/www.borplastikaeko.al\/en\/wp-json\/wp\/v2\/posts\/1"}],"collection":[{"href":"https:\/\/www.borplastikaeko.al\/en\/wp-json\/wp\/v2\/posts"}],"about":[{"href":"https:\/\/www.borplastikaeko.al\/en\/wp-json\/wp\/v2\/types\/post"}],"author":[{"embeddable":true,"href":"https:\/\/www.borplastikaeko.al\/en\/wp-json\/wp\/v2\/users\/1"}],"replies":[{"embeddable":true,"href":"https:\/\/www.borplastikaeko.al\/en\/wp-json\/wp\/v2\/comments?post=1"}],"version-history":[{"count":3,"href":"https:\/\/www.borplastikaeko.al\/en\/wp-json\/wp\/v2\/posts\/1\/revisions"}],"predecessor-version":[{"id":7726,"href":"https:\/\/www.borplastikaeko.al\/en\/wp-json\/wp\/v2\/posts\/1\/revisions\/7726"}],"wp:featuredmedia":[{"embeddable":true,"href":"https:\/\/www.borplastikaeko.al\/en\/wp-json\/wp\/v2\/media\/7725"}],"wp:attachment":[{"href":"https:\/\/www.borplastikaeko.al\/en\/wp-json\/wp\/v2\/media?parent=1"}],"wp:term":[{"taxonomy":"category","embeddable":true,"href":"https:\/\/www.borplastikaeko.al\/en\/wp-json\/wp\/v2\/categories?post=1"},{"taxonomy":"post_tag","embeddable":true,"href":"https:\/\/www.borplastikaeko.al\/en\/wp-json\/wp\/v2\/tags?post=1"}],"curies":[{"name":"wp","href":"https:\/\/api.w.org\/{rel}","templated":true}]}}